{"id":3465,"date":"2026-03-02T06:45:16","date_gmt":"2026-03-02T06:45:16","guid":{"rendered":"https:\/\/marmarahabermerkezi.com\/?p=3465"},"modified":"2026-03-02T06:45:16","modified_gmt":"2026-03-02T06:45:16","slug":"kahramanmarasli-burokrat-akademisyen-is-insanlari-ve-siyasetciler-ankarada-iftarda-bulusuyor","status":"publish","type":"post","link":"https:\/\/marmarahabermerkezi.com\/index.php\/2026\/03\/02\/kahramanmarasli-burokrat-akademisyen-is-insanlari-ve-siyasetciler-ankarada-iftarda-bulusuyor\/","title":{"rendered":"Kahramanmara\u015fl\u0131 B\u00fcrokrat, Akademisyen, \u0130\u015f \u0130nsanlar\u0131 ve Siyaset\u00e7iler Ankara\u2019da \u0130ftarda Bulu\u015fuyor."},"content":{"rendered":"<p class=\"Standard\" style=\"text-align: justify;\"><strong><img loading=\"lazy\" decoding=\"async\" class=\"alignnone size-full wp-image-2326\" src=\"https:\/\/marmarahabermerkezi.com\/wp-content\/uploads\/2025\/05\/HALILDEMIR.png\" alt=\"\" width=\"302\" height=\"302\" srcset=\"https:\/\/marmarahabermerkezi.com\/wp-content\/uploads\/2025\/05\/HALILDEMIR.png 302w, https:\/\/marmarahabermerkezi.com\/wp-content\/uploads\/2025\/05\/HALILDEMIR-300x300.png 300w, https:\/\/marmarahabermerkezi.com\/wp-content\/uploads\/2025\/05\/HALILDEMIR-150x150.png 150w\" sizes=\"auto, (max-width: 302px) 100vw, 302px\" \/><\/strong><\/p>\n<p style=\"text-align: justify;\"><strong><img loading=\"lazy\" decoding=\"async\" class=\"alignnone size-full wp-image-2942\" src=\"https:\/\/marmarahabermerkezi.com\/wp-content\/uploads\/2025\/09\/MT-6.jpg\" alt=\"\" width=\"802\" height=\"502\" srcset=\"https:\/\/marmarahabermerkezi.com\/wp-content\/uploads\/2025\/09\/MT-6.jpg 802w, https:\/\/marmarahabermerkezi.com\/wp-content\/uploads\/2025\/09\/MT-6-300x188.jpg 300w, https:\/\/marmarahabermerkezi.com\/wp-content\/uploads\/2025\/09\/MT-6-768x481.jpg 768w\" sizes=\"auto, (max-width: 802px) 100vw, 802px\" \/><\/strong><\/p>\n<p><img loading=\"lazy\" decoding=\"async\" class=\"alignnone size-full wp-image-3466\" src=\"https:\/\/marmarahabermerkezi.com\/wp-content\/uploads\/2026\/03\/Davetiye.png\" alt=\"\" width=\"800\" height=\"568\" srcset=\"https:\/\/marmarahabermerkezi.com\/wp-content\/uploads\/2026\/03\/Davetiye.png 800w, https:\/\/marmarahabermerkezi.com\/wp-content\/uploads\/2026\/03\/Davetiye-300x213.png 300w, https:\/\/marmarahabermerkezi.com\/wp-content\/uploads\/2026\/03\/Davetiye-768x545.png 768w\" sizes=\"auto, (max-width: 800px) 100vw, 800px\" \/><\/p>\n<p class=\"Standard\" style=\"text-align: justify;\"><strong>Ankara Gen\u00e7 Kahramanmara\u015fl\u0131lar Derne\u011fi taraf\u0131ndan d\u00fczenlenen \u201c1. Kahramanmara\u015fl\u0131 B\u00fcrokrat, \u0130\u015f \u0130nsan\u0131 ve Y\u00f6neticiler \u0130ftar Program\u0131\u201d, 02 Mart 2026 Pazartesi g\u00fcn\u00fc Ankara\u2019da ger\u00e7ekle\u015ftirilecek. Program, Ulucanlar M\u00fczesi Tarihi Marangozhane Salonu\u2019nda yap\u0131lacak.<\/strong><\/p>\n<p class=\"Standard\" style=\"text-align: justify;\"><strong>Kahramanmara\u015fl\u0131 b\u00fcrokratlar, akademisyenler, i\u015f insanlar\u0131 ve y\u00f6neticilerin yan\u0131 s\u0131ra Kahramanmara\u015f milletvekillerinin de kat\u0131l\u0131m g\u00f6stermesi beklenen organizasyona, kent protokol\u00fcn\u00fcn de kat\u0131lmas\u0131 bekleniyor. Ramazan ay\u0131n\u0131n birlik ve dayan\u0131\u015fma ruhu \u00e7er\u00e7evesinde ger\u00e7ekle\u015ftirilecek.<\/strong><\/p>\n<p class=\"Standard\" style=\"text-align: justify;\"><strong>\u0130ftar program\u0131n\u0131n ard\u0131ndan protokol konu\u015fmalar\u0131 yap\u0131lacak. Organizasyonun, hem\u015fehrilik ba\u011flar\u0131n\u0131 g\u00fc\u00e7lendirmesi ve kurumsal dayan\u0131\u015fmay\u0131 art\u0131rmas\u0131 hedefleniyor.<\/strong><\/p>\n<p class=\"Standard\" style=\"text-align: justify;\"><img loading=\"lazy\" decoding=\"async\" class=\"alignnone size-full wp-image-3466\" src=\"https:\/\/marmarahabermerkezi.com\/wp-content\/uploads\/2026\/03\/Davetiye.png\" alt=\"\" width=\"800\" height=\"568\" srcset=\"https:\/\/marmarahabermerkezi.com\/wp-content\/uploads\/2026\/03\/Davetiye.png 800w, https:\/\/marmarahabermerkezi.com\/wp-content\/uploads\/2026\/03\/Davetiye-300x213.png 300w, https:\/\/marmarahabermerkezi.com\/wp-content\/uploads\/2026\/03\/Davetiye-768x545.png 768w\" sizes=\"auto, (max-width: 800px) 100vw, 800px\" \/><\/p>\n","protected":false},"excerpt":{"rendered":"<p>Ankara Gen\u00e7 Kahramanmara\u015fl\u0131lar Derne\u011fi taraf\u0131ndan d\u00fczenlenen \u201c1. Kahramanmara\u015fl\u0131 B\u00fcrokrat, \u0130\u015f \u0130nsan\u0131 ve Y\u00f6neticiler \u0130ftar Program\u0131\u201d, 02 Mart 2026 Pazartesi g\u00fcn\u00fc Ankara\u2019da ger\u00e7ekle\u015ftirilecek. Program, Ulucanlar M\u00fczesi Tarihi Marangozhane Salonu\u2019nda yap\u0131lacak. Kahramanmara\u015fl\u0131 b\u00fcrokratlar, akademisyenler, i\u015f insanlar\u0131 ve y\u00f6neticilerin yan\u0131 s\u0131ra Kahramanmara\u015f milletvekillerinin de kat\u0131l\u0131m g\u00f6stermesi beklenen organizasyona, kent protokol\u00fcn\u00fcn de kat\u0131lmas\u0131 bekleniyor. Ramazan ay\u0131n\u0131n birlik ve dayan\u0131\u015fma [&hellip;]<\/p>\n","protected":false},"author":1,"featured_media":3467,"comment_status":"open","ping_status":"open","sticky":false,"template":"","format":"standard","meta":{"footnotes":""},"categories":[1,10,8],"tags":[],"class_list":["post-3465","post","type-post","status-publish","format-standard","has-post-thumbnail","hentry","category-balikesir","category-bursa","category-istanbul"],"views":370,"_links":{"self":[{"href":"https:\/\/marmarahabermerkezi.com\/index.php\/wp-json\/wp\/v2\/posts\/3465","targetHints":{"allow":["GET"]}}],"collection":[{"href":"https:\/\/marmarahabermerkezi.com\/index.php\/wp-json\/wp\/v2\/posts"}],"about":[{"href":"https:\/\/marmarahabermerkezi.com\/index.php\/wp-json\/wp\/v2\/types\/post"}],"author":[{"embeddable":true,"href":"https:\/\/marmarahabermerkezi.com\/index.php\/wp-json\/wp\/v2\/users\/1"}],"replies":[{"embeddable":true,"href":"https:\/\/marmarahabermerkezi.com\/index.php\/wp-json\/wp\/v2\/comments?post=3465"}],"version-history":[{"count":1,"href":"https:\/\/marmarahabermerkezi.com\/index.php\/wp-json\/wp\/v2\/posts\/3465\/revisions"}],"predecessor-version":[{"id":3468,"href":"https:\/\/marmarahabermerkezi.com\/index.php\/wp-json\/wp\/v2\/posts\/3465\/revisions\/3468"}],"wp:featuredmedia":[{"embeddable":true,"href":"https:\/\/marmarahabermerkezi.com\/index.php\/wp-json\/wp\/v2\/media\/3467"}],"wp:attachment":[{"href":"https:\/\/marmarahabermerkezi.com\/index.php\/wp-json\/wp\/v2\/media?parent=3465"}],"wp:term":[{"taxonomy":"category","embeddable":true,"href":"https:\/\/marmarahabermerkezi.com\/index.php\/wp-json\/wp\/v2\/categories?post=3465"},{"taxonomy":"post_tag","embeddable":true,"href":"https:\/\/marmarahabermerkezi.com\/index.php\/wp-json\/wp\/v2\/tags?post=3465"}],"curies":[{"name":"wp","href":"https:\/\/api.w.org\/{rel}","templated":true}]}}