{"id":3510,"date":"2026-03-10T11:04:42","date_gmt":"2026-03-10T11:04:42","guid":{"rendered":"https:\/\/marmarahabermerkezi.com\/?p=3510"},"modified":"2026-03-10T11:04:42","modified_gmt":"2026-03-10T11:04:42","slug":"cete-destani-turnuvasinin-kazananlari-istanbulu-kesfetti","status":"publish","type":"post","link":"https:\/\/marmarahabermerkezi.com\/index.php\/2026\/03\/10\/cete-destani-turnuvasinin-kazananlari-istanbulu-kesfetti\/","title":{"rendered":"\u201c\u00c7ete Destan\u0131\u201d Turnuvas\u0131n\u0131n Kazananlar\u0131 \u0130stanbul\u2019u Ke\u015ffetti."},"content":{"rendered":"<p style=\"text-align: justify;\"><img loading=\"lazy\" decoding=\"async\" class=\"alignnone size-full wp-image-2325\" src=\"https:\/\/marmarahabermerkezi.com\/wp-content\/uploads\/2025\/05\/AHMETARDIC.png\" alt=\"\" width=\"302\" height=\"302\" srcset=\"https:\/\/marmarahabermerkezi.com\/wp-content\/uploads\/2025\/05\/AHMETARDIC.png 302w, https:\/\/marmarahabermerkezi.com\/wp-content\/uploads\/2025\/05\/AHMETARDIC-300x300.png 300w, https:\/\/marmarahabermerkezi.com\/wp-content\/uploads\/2025\/05\/AHMETARDIC-150x150.png 150w\" sizes=\"auto, (max-width: 302px) 100vw, 302px\" \/><\/p>\n<p style=\"text-align: justify;\"><img loading=\"lazy\" decoding=\"async\" class=\"alignnone size-full wp-image-2942\" src=\"https:\/\/marmarahabermerkezi.com\/wp-content\/uploads\/2025\/09\/MT-6.jpg\" alt=\"\" width=\"802\" height=\"502\" srcset=\"https:\/\/marmarahabermerkezi.com\/wp-content\/uploads\/2025\/09\/MT-6.jpg 802w, https:\/\/marmarahabermerkezi.com\/wp-content\/uploads\/2025\/09\/MT-6-300x188.jpg 300w, https:\/\/marmarahabermerkezi.com\/wp-content\/uploads\/2025\/09\/MT-6-768x481.jpg 768w\" sizes=\"auto, (max-width: 802px) 100vw, 802px\" \/><\/p>\n<p style=\"text-align: justify;\"><strong>B\u00fcy\u00fck\u015fehir Belediyesinin gen\u00e7lik markas\u0131 Pusula Mara\u015f taraf\u0131ndan 12 \u015eubat Kurtulu\u015f Haftas\u0131 kapsam\u0131nda d\u00fczenlenen \u201c\u00c7ete Destan\u0131: Mara\u015f\u2019\u0131n Kurtulu\u015fu\u201d adl\u0131 mobil oyun turnuvas\u0131nda derece elde eden 40 gen\u00e7 \u0130stanbul gezisine kat\u0131ld\u0131. Gen\u00e7ler, \u00f6d\u00fcl olarak d\u00fczenlenen gezi program\u0131nda T\u00fcrkiye\u2019nin en \u00f6nemli tarih ve k\u00fclt\u00fcr merkezlerinden biri olan \u0130stanbul\u2019u yak\u0131ndan tan\u0131ma imk\u00e2n\u0131 buldu.<\/strong><\/p>\n<p style=\"text-align: justify;\">\n<p style=\"text-align: justify;\">Kahramanmara\u015f B\u00fcy\u00fck\u015fehir Belediyesi, gen\u00e7lerin sosyal, k\u00fclt\u00fcrel ve akademik geli\u015fimlerine katk\u0131 sa\u011flamak amac\u0131yla hayata ge\u00e7irdi\u011fi projeleri Pusula Mara\u015f \u00e7at\u0131s\u0131 alt\u0131nda \u00e7e\u015fitlendirmeye devam ediyor. Gen\u00e7lerin tarih bilincini g\u00fc\u00e7lendirmek, k\u00fclt\u00fcrel mirasla ba\u011flar\u0131n\u0131 kuvvetlendirmek ve sosyal geli\u015fimlerine katk\u0131 sunmak amac\u0131yla ger\u00e7ekle\u015ftirilen etkinlikler kapsam\u0131nda bu kez de anlaml\u0131 bir gezi program\u0131 d\u00fczenlendi. 12 \u015eubat Kurtulu\u015f Haftas\u0131 kapsam\u0131nda lise \u00f6\u011frencileri aras\u0131nda ger\u00e7ekle\u015ftirilen \u201c\u00c7ete Destan\u0131: Mara\u015f\u2019\u0131n Kurtulu\u015fu\u201d adl\u0131 mobil oyun turnuvas\u0131nda derece elde eden 40 gen\u00e7, B\u00fcy\u00fck\u015fehir Belediyesi taraf\u0131ndan d\u00fczenlenen \u0130stanbul gezisine kat\u0131ld\u0131. Hem rekabet dolu bir turnuva deneyimi ya\u015fayan hem de \u015fehrin kurtulu\u015f m\u00fccadelesini dijital bir platformda \u00f6\u011frenme f\u0131rsat\u0131 bulan gen\u00e7ler, \u00f6d\u00fcl olarak d\u00fczenlenen gezi program\u0131nda T\u00fcrkiye\u2019nin en \u00f6nemli tarih ve k\u00fclt\u00fcr merkezlerinden biri olan \u0130stanbul\u2019u yak\u0131ndan tan\u0131ma imk\u00e2n\u0131 buldu.<\/p>\n<p style=\"text-align: justify;\">\n<p style=\"text-align: justify;\"><strong>Tarihi Mek\u00e2nlar Yerinde Ke\u015ffedildi<\/strong><\/p>\n<p style=\"text-align: justify;\">Pusula Mara\u015f taraf\u0131ndan organize edilen gezi kapsam\u0131nda gen\u00e7ler, \u0130stanbul\u2019un as\u0131rlara meydan okuyan tarihi ve k\u00fclt\u00fcrel miraslar\u0131n\u0131 yerinde g\u00f6rerek bilgi edinme f\u0131rsat\u0131 yakalad\u0131. Program \u00e7er\u00e7evesinde gen\u00e7ler; Ey\u00fcp Sultan Camii, Fatih Camii, S\u00fcleymaniye Camii, Bayezid Meydan\u0131, \u00c7emberlita\u015f, Sultan Ahmet Meydan\u0131, Alman \u00c7e\u015fmesi, Ayasofya Camii, Emin\u00f6n\u00fc Sahili, M\u0131s\u0131r \u00c7ar\u015f\u0131s\u0131, \u00dcsk\u00fcdar Sahili ve K\u0131z Kulesi gibi \u0130stanbul\u2019un simge mek\u00e2nlar\u0131n\u0131 ziyaret etti. Gezi boyunca rehberler e\u015fli\u011finde ger\u00e7ekle\u015ftirilen ziyaretlerde gen\u00e7lere, Osmanl\u0131 d\u00f6neminden g\u00fcn\u00fcm\u00fcze ula\u015fan eserlerin tarih\u00ee ge\u00e7mi\u015fi, mimari \u00f6zellikleri ve k\u00fclt\u00fcrel de\u011feri hakk\u0131nda bilgiler aktar\u0131ld\u0131. B\u00f6ylece gen\u00e7ler hem \u0130stanbul\u2019un tarihi dokusunu yak\u0131ndan tan\u0131ma hem de T\u00fcrkiye\u2019nin k\u00fclt\u00fcrel miras\u0131na dair bilgi birikimlerini art\u0131rma f\u0131rsat\u0131 elde etti.<\/p>\n<p style=\"text-align: justify;\">\n<p style=\"text-align: justify;\"><strong>Hem E\u011flenceli Hem \u00d6\u011fretici Bir Deneyim<\/strong><\/p>\n<p style=\"text-align: justify;\">Ger\u00e7ekle\u015ftirilen gezi program\u0131 gen\u00e7ler i\u00e7in yaln\u0131zca bir \u00f6d\u00fcl de\u011fil, ayn\u0131 zamanda \u00f6\u011fretici ve ilham verici bir deneyim oldu. Farkl\u0131 tarihi mek\u00e2nlar\u0131 g\u00f6rmenin heyecan\u0131n\u0131 ya\u015fayan \u00f6\u011frenciler, \u00f6zellikle \u0130stanbul\u2019un tarihi atmosferinden ve k\u00fclt\u00fcrel zenginli\u011finden \u00e7ok etkilendiklerini ifade etti. Geziye kat\u0131lan gen\u00e7ler, bu organizasyonun kendileri i\u00e7in unutulmaz bir an\u0131 oldu\u011funu belirterek tarihi mek\u00e2nlar\u0131 yerinde g\u00f6rmenin kendilerini hem mutlu etti\u011fini hem de gururland\u0131rd\u0131\u011f\u0131n\u0131 dile getirdi. \u00d6\u011frenciler ayr\u0131ca b\u00f6ylesine anlaml\u0131 bir gezi program\u0131 d\u00fczenledi\u011fi i\u00e7in B\u00fcy\u00fck\u015fehir Belediyesine ve Pusula Mara\u015f ekibine te\u015fekk\u00fcr etti.<\/p>\n<p style=\"text-align: justify;\"><img loading=\"lazy\" decoding=\"async\" class=\"alignnone size-full wp-image-3511\" src=\"https:\/\/marmarahabermerkezi.com\/wp-content\/uploads\/2026\/03\/Istanbul-Gezisi-1.jpeg\" alt=\"\" width=\"700\" height=\"394\" srcset=\"https:\/\/marmarahabermerkezi.com\/wp-content\/uploads\/2026\/03\/Istanbul-Gezisi-1.jpeg 700w, https:\/\/marmarahabermerkezi.com\/wp-content\/uploads\/2026\/03\/Istanbul-Gezisi-1-300x169.jpeg 300w\" sizes=\"auto, (max-width: 700px) 100vw, 700px\" \/> <img loading=\"lazy\" decoding=\"async\" class=\"alignnone size-full wp-image-3512\" src=\"https:\/\/marmarahabermerkezi.com\/wp-content\/uploads\/2026\/03\/Istanbul-Gezisi-3.jpeg\" alt=\"\" width=\"700\" height=\"394\" srcset=\"https:\/\/marmarahabermerkezi.com\/wp-content\/uploads\/2026\/03\/Istanbul-Gezisi-3.jpeg 700w, https:\/\/marmarahabermerkezi.com\/wp-content\/uploads\/2026\/03\/Istanbul-Gezisi-3-300x169.jpeg 300w\" sizes=\"auto, (max-width: 700px) 100vw, 700px\" \/> <img loading=\"lazy\" decoding=\"async\" class=\"alignnone size-full wp-image-3513\" src=\"https:\/\/marmarahabermerkezi.com\/wp-content\/uploads\/2026\/03\/Istanbul-Gezisi-4.jpeg\" alt=\"\" width=\"700\" height=\"394\" srcset=\"https:\/\/marmarahabermerkezi.com\/wp-content\/uploads\/2026\/03\/Istanbul-Gezisi-4.jpeg 700w, https:\/\/marmarahabermerkezi.com\/wp-content\/uploads\/2026\/03\/Istanbul-Gezisi-4-300x169.jpeg 300w\" sizes=\"auto, (max-width: 700px) 100vw, 700px\" \/> <img loading=\"lazy\" decoding=\"async\" class=\"alignnone size-full wp-image-3514\" src=\"https:\/\/marmarahabermerkezi.com\/wp-content\/uploads\/2026\/03\/Istanbul-Gezisi-5.jpeg\" alt=\"\" width=\"700\" height=\"389\" srcset=\"https:\/\/marmarahabermerkezi.com\/wp-content\/uploads\/2026\/03\/Istanbul-Gezisi-5.jpeg 700w, https:\/\/marmarahabermerkezi.com\/wp-content\/uploads\/2026\/03\/Istanbul-Gezisi-5-300x167.jpeg 300w\" sizes=\"auto, (max-width: 700px) 100vw, 700px\" \/> <img loading=\"lazy\" decoding=\"async\" class=\"alignnone size-full wp-image-3515\" src=\"https:\/\/marmarahabermerkezi.com\/wp-content\/uploads\/2026\/03\/Istanbul-Gezisi-6.jpeg\" alt=\"\" width=\"700\" height=\"394\" srcset=\"https:\/\/marmarahabermerkezi.com\/wp-content\/uploads\/2026\/03\/Istanbul-Gezisi-6.jpeg 700w, https:\/\/marmarahabermerkezi.com\/wp-content\/uploads\/2026\/03\/Istanbul-Gezisi-6-300x169.jpeg 300w\" sizes=\"auto, (max-width: 700px) 100vw, 700px\" \/> <img loading=\"lazy\" decoding=\"async\" class=\"alignnone size-full wp-image-3516\" src=\"https:\/\/marmarahabermerkezi.com\/wp-content\/uploads\/2026\/03\/Istanbul-Gezisi-7.jpeg\" alt=\"\" width=\"700\" height=\"394\" srcset=\"https:\/\/marmarahabermerkezi.com\/wp-content\/uploads\/2026\/03\/Istanbul-Gezisi-7.jpeg 700w, https:\/\/marmarahabermerkezi.com\/wp-content\/uploads\/2026\/03\/Istanbul-Gezisi-7-300x169.jpeg 300w\" sizes=\"auto, (max-width: 700px) 100vw, 700px\" \/><\/p>\n","protected":false},"excerpt":{"rendered":"<p>B\u00fcy\u00fck\u015fehir Belediyesinin gen\u00e7lik markas\u0131 Pusula Mara\u015f taraf\u0131ndan 12 \u015eubat Kurtulu\u015f Haftas\u0131 kapsam\u0131nda d\u00fczenlenen \u201c\u00c7ete Destan\u0131: Mara\u015f\u2019\u0131n Kurtulu\u015fu\u201d adl\u0131 mobil oyun turnuvas\u0131nda derece elde eden 40 gen\u00e7 \u0130stanbul gezisine kat\u0131ld\u0131. Gen\u00e7ler, \u00f6d\u00fcl olarak d\u00fczenlenen gezi program\u0131nda T\u00fcrkiye\u2019nin en \u00f6nemli tarih ve k\u00fclt\u00fcr merkezlerinden biri olan \u0130stanbul\u2019u yak\u0131ndan tan\u0131ma imk\u00e2n\u0131 buldu. Kahramanmara\u015f B\u00fcy\u00fck\u015fehir Belediyesi, gen\u00e7lerin sosyal, k\u00fclt\u00fcrel [&hellip;]<\/p>\n","protected":false},"author":1,"featured_media":3511,"comment_status":"open","ping_status":"open","sticky":false,"template":"","format":"standard","meta":{"footnotes":""},"categories":[1,10,8],"tags":[],"class_list":["post-3510","post","type-post","status-publish","format-standard","has-post-thumbnail","hentry","category-balikesir","category-bursa","category-istanbul"],"views":785,"_links":{"self":[{"href":"https:\/\/marmarahabermerkezi.com\/index.php\/wp-json\/wp\/v2\/posts\/3510","targetHints":{"allow":["GET"]}}],"collection":[{"href":"https:\/\/marmarahabermerkezi.com\/index.php\/wp-json\/wp\/v2\/posts"}],"about":[{"href":"https:\/\/marmarahabermerkezi.com\/index.php\/wp-json\/wp\/v2\/types\/post"}],"author":[{"embeddable":true,"href":"https:\/\/marmarahabermerkezi.com\/index.php\/wp-json\/wp\/v2\/users\/1"}],"replies":[{"embeddable":true,"href":"https:\/\/marmarahabermerkezi.com\/index.php\/wp-json\/wp\/v2\/comments?post=3510"}],"version-history":[{"count":1,"href":"https:\/\/marmarahabermerkezi.com\/index.php\/wp-json\/wp\/v2\/posts\/3510\/revisions"}],"predecessor-version":[{"id":3517,"href":"https:\/\/marmarahabermerkezi.com\/index.php\/wp-json\/wp\/v2\/posts\/3510\/revisions\/3517"}],"wp:featuredmedia":[{"embeddable":true,"href":"https:\/\/marmarahabermerkezi.com\/index.php\/wp-json\/wp\/v2\/media\/3511"}],"wp:attachment":[{"href":"https:\/\/marmarahabermerkezi.com\/index.php\/wp-json\/wp\/v2\/media?parent=3510"}],"wp:term":[{"taxonomy":"category","embeddable":true,"href":"https:\/\/marmarahabermerkezi.com\/index.php\/wp-json\/wp\/v2\/categories?post=3510"},{"taxonomy":"post_tag","embeddable":true,"href":"https:\/\/marmarahabermerkezi.com\/index.php\/wp-json\/wp\/v2\/tags?post=3510"}],"curies":[{"name":"wp","href":"https:\/\/api.w.org\/{rel}","templated":true}]}}